{"id":1229,"date":"2021-06-17T12:49:00","date_gmt":"2021-06-17T12:49:00","guid":{"rendered":"https:\/\/europify.at\/?p=1229"},"modified":"2022-03-21T13:45:19","modified_gmt":"2022-03-21T13:45:19","slug":"unsere-aktuelle-europify-publikation-ist-da-in-georg-lauss-hg-ideal-pflicht-zumutung-menschenrechtsbildung-aus-multidisziplinarer-perspektive-2021","status":"publish","type":"post","link":"https:\/\/europify.at\/en\/unsere-aktuelle-europify-publikation-ist-da-in-georg-lauss-hg-ideal-pflicht-zumutung-menschenrechtsbildung-aus-multidisziplinarer-perspektive-2021\/","title":{"rendered":"Wissenschaftliche Publikation in: Georg Lauss (Hg.) &#8220;Ideal &#8211; Pflicht &#8211; Zumutung: Menschenrechtsbildung aus multidisziplin\u00e4rer Perspektive&#8221; (2021)."},"content":{"rendered":"\n<p><\/p>\n\n\n\n<p>Dieser Fachband der Demokratie- &amp; Menschenrechts-Didaktik will nicht nur die tages- und schulpolitische Relevanz des Themas Menschenrechtsbildung veranschaulichen, sondern auch Vermittlungsans\u00e4tze zur Menschenrechtsbildung pr\u00e4sentieren. Auf diese Weise soll Mut zu einer interessanten Auseinandersetzung gemacht werden. Betr\u00e4gen von renommierten Expert*innen wie Lauss, Fremuth, Matejka, Mittnik, Schmid-Heher, Bernhard, et. al. ist auch Europify mit folgendem Beitrag vertreten:<\/p>\n\n\n\n<p>Krajasits, C. u. K\u00f6hle, B. (2021) <em>&#8220;Vermittlung Europ\u00e4ischer Grundwerte und St\u00e4rkung der EU-Citizenship. Ein Beitrag zur Demokratie- Und Menschenrechtsbildung&#8221;<\/em>.<\/p>\n\n\n\n<p><a href=\"https:\/\/paedagogik.de\/alle-anzeigen-paedagogik\/product\/ideal-pflicht-zumutung-menschenrechtsbildung-aus-multidisziplin%C3%A4rer-perspektive-2207\/\">Erh\u00e4ltlich ab sofort im f\u00fcr P\u00e4dagogik renommierten, deutschen &#8220;Schneider Verlag Hohengehren&#8221;.<\/a><\/p>\n\n\n\n<figure class=\"wp-block-image size-large is-resized\"><img loading=\"lazy\" decoding=\"async\" src=\"https:\/\/europify.cento.red\/wp-content\/uploads\/2021\/01\/image.png?w=751\" alt=\"\" class=\"wp-image-865\" width=\"451\" height=\"615\"\/><figcaption>(&#8220;Fundierte Menschenrechtsbildung in Theorie und Praxis&#8221;)<\/figcaption><\/figure>\n\n\n\n<p><\/p>\n","protected":false},"excerpt":{"rendered":"<p>Dieser Fachband der Demokratie- &amp; Menschenrechts-Didaktik will nicht nur die tages- und schulpolitische Relevanz des Themas Menschenrechtsbildung veranschaulichen, sondern auch Vermittlungsans\u00e4tze zur Menschenrechtsbildung pr\u00e4sentieren. Auf diese Weise soll Mut zu einer interessanten Auseinandersetzung gemacht werden. Betr\u00e4gen von renommierten Expert*innen wie Lauss, Fremuth, Matejka, Mittnik, Schmid-Heher, Bernhard, et. al. ist auch Europify mit folgendem Beitrag vertreten: [&hellip;]<\/p>\n","protected":false},"author":4,"featured_media":1975,"comment_status":"open","ping_status":"open","sticky":false,"template":"","format":"standard","meta":{"footnotes":""},"categories":[5,16],"tags":[],"class_list":["post-1229","post","type-post","status-publish","format-standard","has-post-thumbnail","hentry","category-demokratie","category-netzwerk"],"_links":{"self":[{"href":"https:\/\/europify.at\/en\/wp-json\/wp\/v2\/posts\/1229","targetHints":{"allow":["GET"]}}],"collection":[{"href":"https:\/\/europify.at\/en\/wp-json\/wp\/v2\/posts"}],"about":[{"href":"https:\/\/europify.at\/en\/wp-json\/wp\/v2\/types\/post"}],"author":[{"embeddable":true,"href":"https:\/\/europify.at\/en\/wp-json\/wp\/v2\/users\/4"}],"replies":[{"embeddable":true,"href":"https:\/\/europify.at\/en\/wp-json\/wp\/v2\/comments?post=1229"}],"version-history":[{"count":1,"href":"https:\/\/europify.at\/en\/wp-json\/wp\/v2\/posts\/1229\/revisions"}],"predecessor-version":[{"id":1976,"href":"https:\/\/europify.at\/en\/wp-json\/wp\/v2\/posts\/1229\/revisions\/1976"}],"wp:featuredmedia":[{"embeddable":true,"href":"https:\/\/europify.at\/en\/wp-json\/wp\/v2\/media\/1975"}],"wp:attachment":[{"href":"https:\/\/europify.at\/en\/wp-json\/wp\/v2\/media?parent=1229"}],"wp:term":[{"taxonomy":"category","embeddable":true,"href":"https:\/\/europify.at\/en\/wp-json\/wp\/v2\/categories?post=1229"},{"taxonomy":"post_tag","embeddable":true,"href":"https:\/\/europify.at\/en\/wp-json\/wp\/v2\/tags?post=1229"}],"curies":[{"name":"wp","href":"https:\/\/api.w.org\/{rel}","templated":true}]}}