{"id":1202,"date":"2021-04-06T18:32:00","date_gmt":"2021-04-06T18:32:00","guid":{"rendered":"https:\/\/europify.at\/?p=1202"},"modified":"2021-04-06T18:32:00","modified_gmt":"2021-04-06T18:32:00","slug":"europify-petition-unterstutzen","status":"publish","type":"post","link":"https:\/\/europify.at\/en\/europify-petition-unterstutzen\/","title":{"rendered":"Europify- Petition &#8220;Demokratie- &#038; Menschenrechtsbildung jetzt!&#8221; auf der Parlaments-Website unterst\u00fctzen!"},"content":{"rendered":"\n<p>&#8220;Weil DemokratInnen nicht vom Himmel fallen, aber jedes Kind &#8216;Demokratie&#8217; lernen kann!&#8221;<\/p>\n\n\n\n<p>Hier der Link zu unserer Petition auf der offiziellen Website des \u00d6sterreichischen Parlaments: https:\/\/www.parlament.gv.at\/PAKT\/VHG\/XXVII\/PET\/PET_00050\/index.shtml#tab-Uebersicht <\/p>\n\n\n\n<figure class=\"wp-block-image size-large is-resized\"><img loading=\"lazy\" decoding=\"async\" src=\"https:\/\/europify.cento.red\/wp-content\/uploads\/2020\/09\/image-5.png?w=1024\" alt=\"\" class=\"wp-image-611\" width=\"543\" height=\"406\"\/><\/figure>\n\n\n\n<p class=\"has-vivid-purple-color has-text-color\"><strong><a href=\"https:\/\/mein.aufstehn.at\/petitions\/demokratie-und-menschenrechtsbildung-jetzt\">Petition &#8220;Demokratie- und Menschenrechtsbildung jetzt!&#8221;<\/a><\/strong><\/p>\n\n\n\n<p><\/p>\n\n\n\n<p class=\"has-text-align-justify\">Die Erkenntnisse, die wir in unserer Zusammenarbeit mit unseren Partnerschulen im Jean Monnet Project &#8220;Vermittlung Europ\u00e4ischer Grundwerte zur St\u00e4rkung der EU Citizenship&#8221; gewinnen konnten sowie die Schlussfolgerungen aus unserer ExpertInnen-Diskussion bei unserer Fachtagung am 28. J\u00e4nner 2020, haben uns veranlasst f\u00fcr Demokratie- und Menschenrechtsbildung in und au\u00dferhalb von Schulen aktiv zu werden. <\/p>\n\n\n\n<figure class=\"wp-block-image size-large is-resized\"><img loading=\"lazy\" decoding=\"async\" src=\"https:\/\/europify.cento.red\/wp-content\/uploads\/2020\/09\/image-7.png?w=241\" alt=\"\" class=\"wp-image-616\" width=\"94\" height=\"136\"\/><\/figure>\n\n\n\n<p> <em>Bitte unterst\u00fctzen Sie uns mit Ihrer Unterschrift und empfehlen Sie uns weiter! <\/em> <\/p>\n","protected":false},"excerpt":{"rendered":"<p>&#8220;Weil DemokratInnen nicht vom Himmel fallen, aber jedes Kind &#8216;Demokratie&#8217; lernen kann!&#8221; Hier der Link zu unserer Petition auf der offiziellen Website des \u00d6sterreichischen Parlaments: https:\/\/www.parlament.gv.at\/PAKT\/VHG\/XXVII\/PET\/PET_00050\/index.shtml#tab-Uebersicht Petition &#8220;Demokratie- und Menschenrechtsbildung jetzt!&#8221; Die Erkenntnisse, die wir in unserer Zusammenarbeit mit unseren Partnerschulen im Jean Monnet Project &#8220;Vermittlung Europ\u00e4ischer Grundwerte zur St\u00e4rkung der EU Citizenship&#8221; gewinnen konnten [&hellip;]<\/p>\n","protected":false},"author":4,"featured_media":1591,"comment_status":"open","ping_status":"open","sticky":false,"template":"","format":"standard","meta":{"footnotes":""},"categories":[5,16],"tags":[],"class_list":["post-1202","post","type-post","status-publish","format-standard","has-post-thumbnail","hentry","category-demokratie","category-netzwerk"],"_links":{"self":[{"href":"https:\/\/europify.at\/en\/wp-json\/wp\/v2\/posts\/1202","targetHints":{"allow":["GET"]}}],"collection":[{"href":"https:\/\/europify.at\/en\/wp-json\/wp\/v2\/posts"}],"about":[{"href":"https:\/\/europify.at\/en\/wp-json\/wp\/v2\/types\/post"}],"author":[{"embeddable":true,"href":"https:\/\/europify.at\/en\/wp-json\/wp\/v2\/users\/4"}],"replies":[{"embeddable":true,"href":"https:\/\/europify.at\/en\/wp-json\/wp\/v2\/comments?post=1202"}],"version-history":[{"count":0,"href":"https:\/\/europify.at\/en\/wp-json\/wp\/v2\/posts\/1202\/revisions"}],"wp:featuredmedia":[{"embeddable":true,"href":"https:\/\/europify.at\/en\/wp-json\/"}],"wp:attachment":[{"href":"https:\/\/europify.at\/en\/wp-json\/wp\/v2\/media?parent=1202"}],"wp:term":[{"taxonomy":"category","embeddable":true,"href":"https:\/\/europify.at\/en\/wp-json\/wp\/v2\/categories?post=1202"},{"taxonomy":"post_tag","embeddable":true,"href":"https:\/\/europify.at\/en\/wp-json\/wp\/v2\/tags?post=1202"}],"curies":[{"name":"wp","href":"https:\/\/api.w.org\/{rel}","templated":true}]}}